{"id":9118,"date":"2026-03-02T13:57:16","date_gmt":"2026-03-02T16:57:16","guid":{"rendered":"https:\/\/terramar.tur.ar\/?p=9118"},"modified":"2026-03-02T14:04:47","modified_gmt":"2026-03-02T17:04:47","slug":"marco-o-preludio-do-outono-em-ushuaia","status":"publish","type":"post","link":"https:\/\/terramar.tur.ar\/pt\/marco-o-preludio-do-outono-em-ushuaia\/","title":{"rendered":"Mar\u00e7o, o prel\u00fadio do outono em Ushuaia"},"content":{"rendered":"<h2 class=\"wp-block-heading\">Mar\u00e7o em Ushuaia, o prel\u00fadio do outono austral<\/h2>\n\n\n\n<p>Mar\u00e7o \u00e9 a \u00e9poca certa para aproveitar Ushuaia com mais calma, sem abrir m\u00e3o das experi\u00eancias. Ainda h\u00e1 boa luminosidade para aproveitar ao m\u00e1ximo os dias, o clima costuma ser bom para atividades ao ar livre e, ao mesmo tempo, a temporada de muito movimento diminui um pouco. Para quem procura combinar natureza, fauna, paisagens e aventura sem se apressar com o itiner\u00e1rio, viajar para o Fim do Mundo em mar\u00e7o \u00e9 uma das melhores decis\u00f5es do ano. <a href=\"https:\/\/terramar.tur.ar\/pt\/curiosidades-sobre-pinguins-que-voce-provavelmente-nao-sabia\/\" target=\"_blank\" rel=\"noreferrer noopener\"><strong>Tamb\u00e9m \u00e9 um m\u00eas importante se voc\u00ea quiser vivenciar o \u201cm\u00e1ximo\u201d de certas experi\u00eancias sazonais, como a observa\u00e7\u00e3o de pinguins,<\/strong><\/a> antes que o destino comece a entrar totalmente em sua transi\u00e7\u00e3o.<\/p>\n\n\n\n<figure class=\"wp-block-image size-large\"><img fetchpriority=\"high\" decoding=\"async\" width=\"1024\" height=\"683\" src=\"https:\/\/terramar.tur.ar\/wp-content\/uploads\/2024\/08\/Temporada-de-Pinguinos-en-el-fin-del-mundo-01-1024x683.jpg\" alt=\"Temporada de ping\u00fcins em Ushuaia\" class=\"wp-image-4336\" srcset=\"https:\/\/terramar.tur.ar\/wp-content\/uploads\/2024\/08\/Temporada-de-Pinguinos-en-el-fin-del-mundo-01-1024x683.jpg 1024w, https:\/\/terramar.tur.ar\/wp-content\/uploads\/2024\/08\/Temporada-de-Pinguinos-en-el-fin-del-mundo-01-300x200.jpg 300w, https:\/\/terramar.tur.ar\/wp-content\/uploads\/2024\/08\/Temporada-de-Pinguinos-en-el-fin-del-mundo-01-768x512.jpg 768w, https:\/\/terramar.tur.ar\/wp-content\/uploads\/2024\/08\/Temporada-de-Pinguinos-en-el-fin-del-mundo-01-600x400.jpg 600w, https:\/\/terramar.tur.ar\/wp-content\/uploads\/2024\/08\/Temporada-de-Pinguinos-en-el-fin-del-mundo-01.jpg 1200w\" sizes=\"(max-width: 1024px) 100vw, 1024px\" \/><\/figure>\n\n\n\n<h3 class=\"wp-block-heading\">Como \u00e9 o clima em Ushuaia em mar\u00e7o e o que levar para se sentir confort\u00e1vel.<\/h3>\n\n\n\n<p><a href=\"https:\/\/terramar.tur.ar\/pt\/por-que-visitar-ushuaia-em-marco\/\" target=\"_blank\" rel=\"noreferrer noopener\"><strong>Em mar\u00e7o, o clima em Ushuaia tende a ser mais ameno do que nos \u00faltimos meses,<\/strong><\/a> Mas h\u00e1 um detalhe que deve ser lembrado: n\u00e3o \u00e9 apenas a temperatura, mas a mistura de vento e umidade que pode alterar a sensa\u00e7\u00e3o t\u00e9rmica em poucas horas. \u00c9 por isso que \u00e9 melhor vestir-se em camadas e pensar no seu casaco como um \u201csistema\u201d: uma primeira camada leve, uma camada intermedi\u00e1ria e uma jaqueta \u00e0 prova de vento e \u00e0 prova d'\u00e1gua para velejar ou fazer caminhadas sem depender da previs\u00e3o perfeita. Se estiver caminhando em trilhas, cal\u00e7ados com boa ader\u00eancia s\u00e3o essenciais, pois algumas se\u00e7\u00f5es podem ser molhadas, e uma pequena mochila com luvas finas, um chap\u00e9u leve e um mackintosh dobr\u00e1vel salvar\u00e3o o dia quando o tempo mudar.<\/p>\n\n\n\n<figure class=\"wp-block-image size-large\"><img decoding=\"async\" width=\"1024\" height=\"683\" src=\"https:\/\/terramar.tur.ar\/wp-content\/uploads\/2025\/03\/Puerto-almanza-nuevo-1-terramar-1024x683.jpg\" alt=\"Puerto Almanza tirando fotos de paisagens\" class=\"wp-image-6980\" srcset=\"https:\/\/terramar.tur.ar\/wp-content\/uploads\/2025\/03\/Puerto-almanza-nuevo-1-terramar-1024x683.jpg 1024w, https:\/\/terramar.tur.ar\/wp-content\/uploads\/2025\/03\/Puerto-almanza-nuevo-1-terramar-300x200.jpg 300w, https:\/\/terramar.tur.ar\/wp-content\/uploads\/2025\/03\/Puerto-almanza-nuevo-1-terramar-768x512.jpg 768w, https:\/\/terramar.tur.ar\/wp-content\/uploads\/2025\/03\/Puerto-almanza-nuevo-1-terramar-600x400.jpg 600w, https:\/\/terramar.tur.ar\/wp-content\/uploads\/2025\/03\/Puerto-almanza-nuevo-1-terramar.jpg 1200w\" sizes=\"(max-width: 1024px) 100vw, 1024px\" \/><\/figure>\n\n\n\n<h3 class=\"wp-block-heading\">\u00daltima chamada para a Col\u00f4nia de Pinguins: a experi\u00eancia sazonal que n\u00e3o deve ser adiada<\/h3>\n\n\n\n<p>Se voc\u00ea estiver viajando em mar\u00e7o e tiver que escolher uma excurs\u00e3o que pare\u00e7a realmente \u201csazonal\u201d.\u201d<a href=\"https:\/\/terramar.tur.ar\/pt\/produto\/navegacao-com-pinguins-na-hammer-island\/\" target=\"_blank\" rel=\"noreferrer noopener\"><strong>, A navega\u00e7\u00e3o para a col\u00f4nia de pinguins da Isla Martillo \u00e9 um plano que deve ser priorizado.<\/strong><\/a>. \u00c9 um cl\u00e1ssico do Canal de Beagle, mas com uma atra\u00e7\u00e3o muito espec\u00edfica: nessa \u00e9poca do ano, ainda \u00e9 poss\u00edvel ver a col\u00f4nia de pinguins e vivenciar esse cart\u00e3o postal \u00fanico do destino antes do fim da temporada. O ideal \u00e9 faz\u00ea-lo nos primeiros dias da viagem, pois isso garante que voc\u00ea aproveite a experi\u00eancia mesmo que o tempo mude mais tarde ou que voc\u00ea queira deixar outros dias para caminhadas e excurs\u00f5es em terra.<\/p>\n\n\n\n<figure class=\"wp-block-image size-large\"><img decoding=\"async\" width=\"1024\" height=\"683\" src=\"https:\/\/terramar.tur.ar\/wp-content\/uploads\/2024\/12\/\u00bfQue-ver-en-el-parque-nacional-en-verano-4-terramar-1024x683.jpg\" alt=\"Pinguins em Ushuaia\" class=\"wp-image-5794\" srcset=\"https:\/\/terramar.tur.ar\/wp-content\/uploads\/2024\/12\/\u00bfQue-ver-en-el-parque-nacional-en-verano-4-terramar-1024x683.jpg 1024w, https:\/\/terramar.tur.ar\/wp-content\/uploads\/2024\/12\/\u00bfQue-ver-en-el-parque-nacional-en-verano-4-terramar-300x200.jpg 300w, https:\/\/terramar.tur.ar\/wp-content\/uploads\/2024\/12\/\u00bfQue-ver-en-el-parque-nacional-en-verano-4-terramar-768x512.jpg 768w, https:\/\/terramar.tur.ar\/wp-content\/uploads\/2024\/12\/\u00bfQue-ver-en-el-parque-nacional-en-verano-4-terramar-600x400.jpg 600w, https:\/\/terramar.tur.ar\/wp-content\/uploads\/2024\/12\/\u00bfQue-ver-en-el-parque-nacional-en-verano-4-terramar.jpg 1200w\" sizes=\"(max-width: 1024px) 100vw, 1024px\" \/><\/figure>\n\n\n\n<figure class=\"wp-block-image size-large\"><img loading=\"lazy\" decoding=\"async\" width=\"1024\" height=\"683\" src=\"https:\/\/terramar.tur.ar\/wp-content\/uploads\/2024\/07\/navegacion-canal-beagle-2-Terramar-1-1024x683.jpg\" alt=\"Navega\u00e7\u00e3o no canal beagle 6\" class=\"wp-image-2136\" srcset=\"https:\/\/terramar.tur.ar\/wp-content\/uploads\/2024\/07\/navegacion-canal-beagle-2-Terramar-1-1024x683.jpg 1024w, https:\/\/terramar.tur.ar\/wp-content\/uploads\/2024\/07\/navegacion-canal-beagle-2-Terramar-1-300x200.jpg 300w, https:\/\/terramar.tur.ar\/wp-content\/uploads\/2024\/07\/navegacion-canal-beagle-2-Terramar-1-768x512.jpg 768w, https:\/\/terramar.tur.ar\/wp-content\/uploads\/2024\/07\/navegacion-canal-beagle-2-Terramar-1-600x400.jpg 600w, https:\/\/terramar.tur.ar\/wp-content\/uploads\/2024\/07\/navegacion-canal-beagle-2-Terramar-1.jpg 1200w\" sizes=\"(max-width: 1024px) 100vw, 1024px\" \/><\/figure>\n\n\n\n<h3 class=\"wp-block-heading\">Parque Nacional Tierra del Fuego: o lugar imperd\u00edvel para se conectar com a paisagem fueguina<\/h3>\n\n\n\n<p>O <strong>Parque Nacional Tierra del Fuego<\/strong> \u00e9 uma daquelas excurs\u00f5es que explicam Ushuaia por si s\u00f3: floresta, costa, mirantes e a sensa\u00e7\u00e3o de estar no extremo sul do continente. Em mar\u00e7o, o Parque \u00e9 especialmente agrad\u00e1vel porque ainda h\u00e1 bastante luz do dia para caminhar sem pressa, e o ambiente come\u00e7a a ter aquela est\u00e9tica de transi\u00e7\u00e3o que faz com que cada vista pare\u00e7a diferente. \u00c9 um plano ideal para equilibrar a viagem: um dia de natureza acess\u00edvel, com caminhadas suaves e tempo para tirar fotos sem que tudo seja \u201capressado\u201d.<\/p>\n\n\n\n<figure class=\"wp-block-image size-large\"><img loading=\"lazy\" decoding=\"async\" width=\"1024\" height=\"683\" src=\"https:\/\/terramar.tur.ar\/wp-content\/uploads\/2024\/07\/Que-ver-dentro-del-Parque-Nacional-Tierra-del-Fuego-05-1024x683.jpg\" alt=\"p\u00f4ster do parque nacional\" class=\"wp-image-2281\" srcset=\"https:\/\/terramar.tur.ar\/wp-content\/uploads\/2024\/07\/Que-ver-dentro-del-Parque-Nacional-Tierra-del-Fuego-05-1024x683.jpg 1024w, https:\/\/terramar.tur.ar\/wp-content\/uploads\/2024\/07\/Que-ver-dentro-del-Parque-Nacional-Tierra-del-Fuego-05-300x200.jpg 300w, https:\/\/terramar.tur.ar\/wp-content\/uploads\/2024\/07\/Que-ver-dentro-del-Parque-Nacional-Tierra-del-Fuego-05-768x512.jpg 768w, https:\/\/terramar.tur.ar\/wp-content\/uploads\/2024\/07\/Que-ver-dentro-del-Parque-Nacional-Tierra-del-Fuego-05-600x400.jpg 600w, https:\/\/terramar.tur.ar\/wp-content\/uploads\/2024\/07\/Que-ver-dentro-del-Parque-Nacional-Tierra-del-Fuego-05.jpg 1200w\" sizes=\"(max-width: 1024px) 100vw, 1024px\" \/><\/figure>\n\n\n\n<p><a href=\"https:\/\/terramar.tur.ar\/pt\/produto\/parque-nacional-com-trekking-e-canoas\/\" target=\"_blank\" rel=\"noreferrer noopener\"><strong>Se voc\u00ea estiver procurando uma vers\u00e3o mais intensa e diferente do parque, o plano do Parque Nacional com trekking e canoagem \u00e9 perfeito para mar\u00e7o.<\/strong><\/a> Ele combina uma caminhada guiada com uma experi\u00eancia aqu\u00e1tica que muda totalmente a perspectiva da paisagem: n\u00e3o se trata apenas de \u201cvisitar\u201d o Parque, mas de viv\u00ea-lo por dentro, com se\u00e7\u00f5es ativas e momentos de contempla\u00e7\u00e3o. Em um itiner\u00e1rio de 4 ou 5 dias, esse passeio pode substituir o Parque cl\u00e1ssico; em um itiner\u00e1rio mais longo, pode ser o upgrade ideal para aqueles que desejam uma experi\u00eancia mais memor\u00e1vel e aventureira.<\/p>\n\n\n\n<figure class=\"wp-block-image size-large\"><img loading=\"lazy\" decoding=\"async\" width=\"1024\" height=\"683\" src=\"https:\/\/terramar.tur.ar\/wp-content\/uploads\/2024\/07\/Parque-nacional-y-canoas-4-turismo-en-ushuaia-1024x683.jpg\" alt=\"Canoagem no parque\" class=\"wp-image-3480\" srcset=\"https:\/\/terramar.tur.ar\/wp-content\/uploads\/2024\/07\/Parque-nacional-y-canoas-4-turismo-en-ushuaia-1024x683.jpg 1024w, https:\/\/terramar.tur.ar\/wp-content\/uploads\/2024\/07\/Parque-nacional-y-canoas-4-turismo-en-ushuaia-300x200.jpg 300w, https:\/\/terramar.tur.ar\/wp-content\/uploads\/2024\/07\/Parque-nacional-y-canoas-4-turismo-en-ushuaia-768x512.jpg 768w, https:\/\/terramar.tur.ar\/wp-content\/uploads\/2024\/07\/Parque-nacional-y-canoas-4-turismo-en-ushuaia-600x400.jpg 600w, https:\/\/terramar.tur.ar\/wp-content\/uploads\/2024\/07\/Parque-nacional-y-canoas-4-turismo-en-ushuaia.jpg 1200w\" sizes=\"(max-width: 1024px) 100vw, 1024px\" \/><\/figure>\n\n\n\n<h3 class=\"wp-block-heading\">Convencional Fuegian Lakes: o dia c\u00eanico que completa a viagem<\/h3>\n\n\n\n<p><a href=\"https:\/\/terramar.tur.ar\/pt\/produto\/lagos-escondido-e-fagnano\/\" target=\"_blank\" rel=\"noreferrer noopener\">Isso se soma a um excelente cen\u00e1rio e a uma experi\u00eancia muito c\u00eanica, <strong>Lagos Fuegianos<\/strong> \u00e9 um plano que se encaixa perfeitamente em mar\u00e7o.<\/a> \u00c9 o dia t\u00edpico que d\u00e1 \u201camplitude\u201d \u00e0 viagem: voc\u00ea sai do circuito imediato de Ushuaia e entra em cart\u00f5es postais de rotas, cordilheiras e mirantes que parecem pura Patag\u00f4nia. \u00c9 uma excurs\u00e3o ideal para fazer depois de uma caminhada ou de uma viagem de barco, pois permite que voc\u00ea descanse o corpo sem abrir m\u00e3o de vistas incr\u00edveis. Al\u00e9m disso, geralmente \u00e9 o dia preferido para quem quer voltar com fotos panor\u00e2micas e a sensa\u00e7\u00e3o de \u201cter realmente visto a Terra do Fogo\u201d.<\/p>\n\n\n\n<figure class=\"wp-block-image size-large\"><img loading=\"lazy\" decoding=\"async\" width=\"1024\" height=\"683\" src=\"https:\/\/terramar.tur.ar\/wp-content\/uploads\/2024\/11\/DSC_3862-1024x683.jpg\" alt=\"lagos \" class=\"wp-image-6623\" srcset=\"https:\/\/terramar.tur.ar\/wp-content\/uploads\/2024\/11\/DSC_3862-1024x683.jpg 1024w, https:\/\/terramar.tur.ar\/wp-content\/uploads\/2024\/11\/DSC_3862-300x200.jpg 300w, https:\/\/terramar.tur.ar\/wp-content\/uploads\/2024\/11\/DSC_3862-768x512.jpg 768w, https:\/\/terramar.tur.ar\/wp-content\/uploads\/2024\/11\/DSC_3862-1536x1024.jpg 1536w, https:\/\/terramar.tur.ar\/wp-content\/uploads\/2024\/11\/DSC_3862-2048x1365.jpg 2048w, https:\/\/terramar.tur.ar\/wp-content\/uploads\/2024\/11\/DSC_3862-600x400.jpg 600w\" sizes=\"(max-width: 1024px) 100vw, 1024px\" \/><\/figure>\n\n\n\n<h3 class=\"wp-block-heading\">Passeios a cavalo em Ushuaia: um plano diferente para conhecer a Patag\u00f4nia em um ritmo diferente<\/h3>\n\n\n\n<p><a href=\"https:\/\/terramar.tur.ar\/pt\/produto\/passeios\/\" target=\"_blank\" rel=\"noreferrer noopener\"><strong>Se voc\u00ea quiser adicionar uma excurs\u00e3o diferente, al\u00e9m de trekking ou navega\u00e7\u00e3o, o passeio a cavalo \u00e9 uma \u00f3tima op\u00e7\u00e3o para mar\u00e7o.<\/strong><\/a>. \u00c9 uma maneira mais tranquila (mas muito aut\u00eantica) de se conectar com a paisagem fueguina: voc\u00ea aproveita a rota, o ambiente e o ritmo da experi\u00eancia. Funciona muito bem para casais, fam\u00edlias ou viajantes que queiram acrescentar \u201calgo patag\u00f4nico\u201d sem exigir muito fisicamente, e geralmente \u00e9 uma \u00f3tima alternativa para equilibrar o itiner\u00e1rio se voc\u00ea j\u00e1 tiver um dia de caminhada dif\u00edcil ou um passeio de dia inteiro.<\/p>\n\n\n\n<figure class=\"wp-block-image size-large\"><img loading=\"lazy\" decoding=\"async\" width=\"1024\" height=\"683\" src=\"https:\/\/terramar.tur.ar\/wp-content\/uploads\/2024\/08\/cabalgatas-2-Terramar-1024x683.jpg\" alt=\"passeios 3\" class=\"wp-image-2489\" srcset=\"https:\/\/terramar.tur.ar\/wp-content\/uploads\/2024\/08\/cabalgatas-2-Terramar-1024x683.jpg 1024w, https:\/\/terramar.tur.ar\/wp-content\/uploads\/2024\/08\/cabalgatas-2-Terramar-300x200.jpg 300w, https:\/\/terramar.tur.ar\/wp-content\/uploads\/2024\/08\/cabalgatas-2-Terramar-768x512.jpg 768w, https:\/\/terramar.tur.ar\/wp-content\/uploads\/2024\/08\/cabalgatas-2-Terramar-600x400.jpg 600w, https:\/\/terramar.tur.ar\/wp-content\/uploads\/2024\/08\/cabalgatas-2-Terramar.jpg 1200w\" sizes=\"(max-width: 1024px) 100vw, 1024px\" \/><\/figure>\n\n\n\n<h3 class=\"wp-block-heading\">Seu itiner\u00e1rio em mar\u00e7o de acordo com seu estilo de viagem<\/h3>\n\n\n\n<p>Ushuaia em mar\u00e7o permite algo dif\u00edcil de conseguir em outros meses: combinar experi\u00eancias sazonais, como a col\u00f4nia de pinguins, com excurs\u00f5es cl\u00e1ssicas, dias panor\u00e2micos e aventuras mais ativas, tudo em um ritmo agrad\u00e1vel. <a href=\"https:\/\/terramar.tur.ar\/pt\/contato\/\" target=\"_blank\" rel=\"noreferrer noopener\">Se desejar, escreva para n\u00f3s e montaremos um itiner\u00e1rio sob medida para voc\u00ea.<\/a> dependendo de quantos dias voc\u00ea vem e do tipo de viajante que voc\u00ea \u00e9, para que a viagem seja equilibrada e voc\u00ea n\u00e3o perca o melhor da esta\u00e7\u00e3o.<\/p>","protected":false},"excerpt":{"rendered":"<p>Marzo en Ushuaia, la antesala del oto\u00f1o austral Marzo es ese punto justo donde Ushuaia se disfruta con m\u00e1s calma, sin resignar experiencias. Todav\u00eda hay buena luz para aprovechar los d\u00edas, el clima suele acompa\u00f1ar para actividades al aire libre y, al mismo tiempo, baja un poco el movimiento fuerte de temporada. Para quien busca [&hellip;]<\/p>\n","protected":false},"author":2,"featured_media":9129,"comment_status":"closed","ping_status":"closed","sticky":false,"template":"","format":"standard","meta":{"footnotes":""},"categories":[1],"tags":[],"class_list":["post-9118","post","type-post","status-publish","format-standard","has-post-thumbnail","hentry","category-sin-categorizar"],"_links":{"self":[{"href":"https:\/\/terramar.tur.ar\/pt\/wp-json\/wp\/v2\/posts\/9118","targetHints":{"allow":["GET"]}}],"collection":[{"href":"https:\/\/terramar.tur.ar\/pt\/wp-json\/wp\/v2\/posts"}],"about":[{"href":"https:\/\/terramar.tur.ar\/pt\/wp-json\/wp\/v2\/types\/post"}],"author":[{"embeddable":true,"href":"https:\/\/terramar.tur.ar\/pt\/wp-json\/wp\/v2\/users\/2"}],"replies":[{"embeddable":true,"href":"https:\/\/terramar.tur.ar\/pt\/wp-json\/wp\/v2\/comments?post=9118"}],"version-history":[{"count":4,"href":"https:\/\/terramar.tur.ar\/pt\/wp-json\/wp\/v2\/posts\/9118\/revisions"}],"predecessor-version":[{"id":9130,"href":"https:\/\/terramar.tur.ar\/pt\/wp-json\/wp\/v2\/posts\/9118\/revisions\/9130"}],"wp:featuredmedia":[{"embeddable":true,"href":"https:\/\/terramar.tur.ar\/pt\/wp-json\/wp\/v2\/media\/9129"}],"wp:attachment":[{"href":"https:\/\/terramar.tur.ar\/pt\/wp-json\/wp\/v2\/media?parent=9118"}],"wp:term":[{"taxonomy":"category","embeddable":true,"href":"https:\/\/terramar.tur.ar\/pt\/wp-json\/wp\/v2\/categories?post=9118"},{"taxonomy":"post_tag","embeddable":true,"href":"https:\/\/terramar.tur.ar\/pt\/wp-json\/wp\/v2\/tags?post=9118"}],"curies":[{"name":"wp","href":"https:\/\/api.w.org\/{rel}","templated":true}]}}